{"id":14997,"date":"2024-01-31T17:54:11","date_gmt":"2024-01-31T16:54:11","guid":{"rendered":"https:\/\/colegiomontserrat.org\/?p=14997"},"modified":"2024-01-31T17:54:13","modified_gmt":"2024-01-31T16:54:13","slug":"dia-de-la-paz-en-2o-ep","status":"publish","type":"post","link":"https:\/\/colegiomontserrat.org\/?p=14997","title":{"rendered":"D\u00eda de la Paz en 2\u00ba EP"},"content":{"rendered":"\n<p>Hoy 30 de enero los alumnos de 2\u00ba de primaria han celebrado el d\u00eda de la paz realizando actividades tem\u00e1ticas en las distintas asignaturas.&nbsp;<\/p>\n\n\n\n<p>Para culminar el d\u00eda han participado en la carrera solidaria de Save the Children.<\/p>\n\n\n\n<figure class=\"wp-block-gallery has-nested-images columns-default is-cropped wp-block-gallery-1 is-layout-flex wp-block-gallery-is-layout-flex\">\n<figure class=\"wp-block-image size-large\"><img loading=\"lazy\" decoding=\"async\" width=\"1024\" height=\"768\" data-id=\"14999\" src=\"https:\/\/colegiomontserrat.org\/wp-content\/uploads\/2024\/01\/IMG_1279-1024x768.jpg\" alt=\"\" class=\"wp-image-14999\" srcset=\"https:\/\/colegiomontserrat.org\/wp-content\/uploads\/2024\/01\/IMG_1279-1024x768.jpg 1024w, https:\/\/colegiomontserrat.org\/wp-content\/uploads\/2024\/01\/IMG_1279-300x225.jpg 300w, https:\/\/colegiomontserrat.org\/wp-content\/uploads\/2024\/01\/IMG_1279-768x576.jpg 768w, https:\/\/colegiomontserrat.org\/wp-content\/uploads\/2024\/01\/IMG_1279-1536x1152.jpg 1536w, https:\/\/colegiomontserrat.org\/wp-content\/uploads\/2024\/01\/IMG_1279-2048x1536.jpg 2048w\" sizes=\"auto, (max-width: 1024px) 100vw, 1024px\" \/><\/figure>\n\n\n\n<figure class=\"wp-block-image size-large\"><img loading=\"lazy\" decoding=\"async\" width=\"1024\" height=\"768\" data-id=\"15001\" src=\"https:\/\/colegiomontserrat.org\/wp-content\/uploads\/2024\/01\/IMG_1280-1024x768.jpg\" alt=\"\" class=\"wp-image-15001\" srcset=\"https:\/\/colegiomontserrat.org\/wp-content\/uploads\/2024\/01\/IMG_1280-1024x768.jpg 1024w, https:\/\/colegiomontserrat.org\/wp-content\/uploads\/2024\/01\/IMG_1280-300x225.jpg 300w, https:\/\/colegiomontserrat.org\/wp-content\/uploads\/2024\/01\/IMG_1280-768x576.jpg 768w, https:\/\/colegiomontserrat.org\/wp-content\/uploads\/2024\/01\/IMG_1280-1536x1152.jpg 1536w, https:\/\/colegiomontserrat.org\/wp-content\/uploads\/2024\/01\/IMG_1280-2048x1536.jpg 2048w\" sizes=\"auto, (max-width: 1024px) 100vw, 1024px\" \/><\/figure>\n\n\n\n<figure class=\"wp-block-image size-large\"><img loading=\"lazy\" decoding=\"async\" width=\"1024\" height=\"768\" data-id=\"15000\" src=\"https:\/\/colegiomontserrat.org\/wp-content\/uploads\/2024\/01\/IMG_1281-1024x768.jpg\" alt=\"\" class=\"wp-image-15000\" srcset=\"https:\/\/colegiomontserrat.org\/wp-content\/uploads\/2024\/01\/IMG_1281-1024x768.jpg 1024w, https:\/\/colegiomontserrat.org\/wp-content\/uploads\/2024\/01\/IMG_1281-300x225.jpg 300w, https:\/\/colegiomontserrat.org\/wp-content\/uploads\/2024\/01\/IMG_1281-768x576.jpg 768w, https:\/\/colegiomontserrat.org\/wp-content\/uploads\/2024\/01\/IMG_1281-1536x1152.jpg 1536w, https:\/\/colegiomontserrat.org\/wp-content\/uploads\/2024\/01\/IMG_1281-2048x1536.jpg 2048w\" sizes=\"auto, (max-width: 1024px) 100vw, 1024px\" \/><\/figure>\n\n\n\n<figure class=\"wp-block-image size-large\"><img loading=\"lazy\" decoding=\"async\" width=\"1024\" height=\"768\" data-id=\"14998\" src=\"https:\/\/colegiomontserrat.org\/wp-content\/uploads\/2024\/01\/IMG_1282-1024x768.jpg\" alt=\"\" class=\"wp-image-14998\" srcset=\"https:\/\/colegiomontserrat.org\/wp-content\/uploads\/2024\/01\/IMG_1282-1024x768.jpg 1024w, https:\/\/colegiomontserrat.org\/wp-content\/uploads\/2024\/01\/IMG_1282-300x225.jpg 300w, https:\/\/colegiomontserrat.org\/wp-content\/uploads\/2024\/01\/IMG_1282-768x576.jpg 768w, https:\/\/colegiomontserrat.org\/wp-content\/uploads\/2024\/01\/IMG_1282-1536x1152.jpg 1536w, https:\/\/colegiomontserrat.org\/wp-content\/uploads\/2024\/01\/IMG_1282-2048x1536.jpg 2048w\" sizes=\"auto, (max-width: 1024px) 100vw, 1024px\" \/><\/figure>\n\n\n\n<figure class=\"wp-block-image size-large\"><img loading=\"lazy\" decoding=\"async\" width=\"1024\" height=\"768\" data-id=\"15003\" src=\"https:\/\/colegiomontserrat.org\/wp-content\/uploads\/2024\/01\/IMG_1283-1024x768.jpg\" alt=\"\" class=\"wp-image-15003\" srcset=\"https:\/\/colegiomontserrat.org\/wp-content\/uploads\/2024\/01\/IMG_1283-1024x768.jpg 1024w, https:\/\/colegiomontserrat.org\/wp-content\/uploads\/2024\/01\/IMG_1283-300x225.jpg 300w, https:\/\/colegiomontserrat.org\/wp-content\/uploads\/2024\/01\/IMG_1283-768x576.jpg 768w, https:\/\/colegiomontserrat.org\/wp-content\/uploads\/2024\/01\/IMG_1283-1536x1152.jpg 1536w, https:\/\/colegiomontserrat.org\/wp-content\/uploads\/2024\/01\/IMG_1283-2048x1536.jpg 2048w\" sizes=\"auto, (max-width: 1024px) 100vw, 1024px\" \/><\/figure>\n\n\n\n<figure class=\"wp-block-image size-large\"><img loading=\"lazy\" decoding=\"async\" width=\"1024\" height=\"768\" data-id=\"15002\" src=\"https:\/\/colegiomontserrat.org\/wp-content\/uploads\/2024\/01\/IMG_1288-1024x768.jpg\" alt=\"\" class=\"wp-image-15002\" srcset=\"https:\/\/colegiomontserrat.org\/wp-content\/uploads\/2024\/01\/IMG_1288-1024x768.jpg 1024w, https:\/\/colegiomontserrat.org\/wp-content\/uploads\/2024\/01\/IMG_1288-300x225.jpg 300w, https:\/\/colegiomontserrat.org\/wp-content\/uploads\/2024\/01\/IMG_1288-768x576.jpg 768w, https:\/\/colegiomontserrat.org\/wp-content\/uploads\/2024\/01\/IMG_1288-1536x1152.jpg 1536w, https:\/\/colegiomontserrat.org\/wp-content\/uploads\/2024\/01\/IMG_1288-2048x1536.jpg 2048w\" sizes=\"auto, (max-width: 1024px) 100vw, 1024px\" \/><\/figure>\n<\/figure>\n","protected":false},"excerpt":{"rendered":"<p>Hoy 30 de enero los alumnos de 2\u00ba de primaria han celebrado el d\u00eda de la paz realizando actividades tem\u00e1ticas en las distintas asignaturas.&nbsp; Para culminar el d\u00eda han participado en la carrera solidaria de Save the Children.<\/p>\n","protected":false},"author":1,"featured_media":14999,"comment_status":"closed","ping_status":"open","sticky":false,"template":"","format":"standard","meta":{"footnotes":""},"categories":[17],"tags":[102],"class_list":["post-14997","post","type-post","status-publish","format-standard","has-post-thumbnail","hentry","category-sucede-cada-ano","tag-dia-de-la-paz"],"_links":{"self":[{"href":"https:\/\/colegiomontserrat.org\/index.php?rest_route=\/wp\/v2\/posts\/14997","targetHints":{"allow":["GET"]}}],"collection":[{"href":"https:\/\/colegiomontserrat.org\/index.php?rest_route=\/wp\/v2\/posts"}],"about":[{"href":"https:\/\/colegiomontserrat.org\/index.php?rest_route=\/wp\/v2\/types\/post"}],"author":[{"embeddable":true,"href":"https:\/\/colegiomontserrat.org\/index.php?rest_route=\/wp\/v2\/users\/1"}],"replies":[{"embeddable":true,"href":"https:\/\/colegiomontserrat.org\/index.php?rest_route=%2Fwp%2Fv2%2Fcomments&post=14997"}],"version-history":[{"count":1,"href":"https:\/\/colegiomontserrat.org\/index.php?rest_route=\/wp\/v2\/posts\/14997\/revisions"}],"predecessor-version":[{"id":15004,"href":"https:\/\/colegiomontserrat.org\/index.php?rest_route=\/wp\/v2\/posts\/14997\/revisions\/15004"}],"wp:featuredmedia":[{"embeddable":true,"href":"https:\/\/colegiomontserrat.org\/index.php?rest_route=\/wp\/v2\/media\/14999"}],"wp:attachment":[{"href":"https:\/\/colegiomontserrat.org\/index.php?rest_route=%2Fwp%2Fv2%2Fmedia&parent=14997"}],"wp:term":[{"taxonomy":"category","embeddable":true,"href":"https:\/\/colegiomontserrat.org\/index.php?rest_route=%2Fwp%2Fv2%2Fcategories&post=14997"},{"taxonomy":"post_tag","embeddable":true,"href":"https:\/\/colegiomontserrat.org\/index.php?rest_route=%2Fwp%2Fv2%2Ftags&post=14997"}],"curies":[{"name":"wp","href":"https:\/\/api.w.org\/{rel}","templated":true}]}}