{"id":1709,"date":"2014-05-05T19:15:45","date_gmt":"2014-05-05T17:15:45","guid":{"rendered":"http:\/\/colegiomontserrat.org\/?p=1709"},"modified":"2014-05-05T19:15:45","modified_gmt":"2014-05-05T17:15:45","slug":"dia-del-libro-2","status":"publish","type":"post","link":"https:\/\/colegiomontserrat.org\/dia-del-libro-2\/","title":{"rendered":"D\u00eda del libro."},"content":{"rendered":"<p>Los chicos y chicas de Educaci\u00f3n Infantil y Primer Ciclo de Educaci\u00f3n Primaria tambi\u00e9n hemos celebrado el D\u00eda del Libro con actividades especiales.<\/p>\n<p>Para empezar, nuestros compa\u00f1eros de Primer Ciclo han realizado una actuaci\u00f3n musical para los peques de la Escuela Infantil San Sim\u00f3n y San Judas, y para toda la E.Infantil del Montserrat.<\/p>\n<p>Las mamas y pap\u00e1s del AMPA nos han representado un bonito cuento titulado \u201cEL MAGO DE HOZ\u201d, y, despu\u00e9s de tomarnos la merienda, hemos compartido la lectura de libros que todos hemos tra\u00eddo desde nuestras casas.<\/p>\n<p>&nbsp;<\/p>\n<div id='gallery-1' class='gallery galleryid-1709 gallery-columns-5 gallery-size-thumbnail'><figure class='gallery-item'>\n\t\t\t<div class='gallery-icon portrait'>\n\t\t\t\t<a href='https:\/\/colegiomontserrat.org\/dia-del-libro-2\/img-20140425-wa0046\/#main'><img decoding=\"async\" width=\"150\" height=\"150\" src=\"https:\/\/colegiomontserrat.org\/wp-content\/uploads\/2014\/05\/IMG-20140425-WA0046-150x150.jpg\" class=\"attachment-thumbnail size-thumbnail\" alt=\"\" \/><\/a>\n\t\t\t<\/div><\/figure><figure class='gallery-item'>\n\t\t\t<div class='gallery-icon landscape'>\n\t\t\t\t<a href='https:\/\/colegiomontserrat.org\/dia-del-libro-2\/img-20140425-wa0034\/#main'><img decoding=\"async\" width=\"150\" height=\"150\" src=\"https:\/\/colegiomontserrat.org\/wp-content\/uploads\/2014\/05\/IMG-20140425-WA0034-150x150.jpg\" class=\"attachment-thumbnail size-thumbnail\" alt=\"\" \/><\/a>\n\t\t\t<\/div><\/figure><figure class='gallery-item'>\n\t\t\t<div class='gallery-icon landscape'>\n\t\t\t\t<a href='https:\/\/colegiomontserrat.org\/dia-del-libro-2\/img-20140425-wa0030\/#main'><img decoding=\"async\" width=\"150\" height=\"150\" src=\"https:\/\/colegiomontserrat.org\/wp-content\/uploads\/2014\/05\/IMG-20140425-WA0030-150x150.jpg\" class=\"attachment-thumbnail size-thumbnail\" alt=\"\" \/><\/a>\n\t\t\t<\/div><\/figure><figure class='gallery-item'>\n\t\t\t<div class='gallery-icon landscape'>\n\t\t\t\t<a href='https:\/\/colegiomontserrat.org\/dia-del-libro-2\/img-20140425-wa0039\/#main'><img decoding=\"async\" width=\"150\" height=\"150\" src=\"https:\/\/colegiomontserrat.org\/wp-content\/uploads\/2014\/05\/IMG-20140425-WA0039-150x150.jpg\" class=\"attachment-thumbnail size-thumbnail\" alt=\"\" \/><\/a>\n\t\t\t<\/div><\/figure>\n\t\t<\/div>\n\n<p>Ha sido un d\u00eda especial, y nos lo hemos pasado muy bien.<\/p>\n","protected":false},"excerpt":{"rendered":"<p>Los chicos y chicas de Educaci\u00f3n Infantil y Primer Ciclo de Educaci\u00f3n Primaria tambi\u00e9n hemos celebrado el D\u00eda del Libro con actividades especiales. Para empezar, nuestros compa\u00f1eros de Primer Ciclo han realizado una actuaci\u00f3n musical para los peques de la Escuela Infantil San Sim\u00f3n y San Judas, y para toda la E.Infantil del Montserrat. Las [&hellip;]<\/p>\n","protected":false},"author":1,"featured_media":0,"comment_status":"open","ping_status":"open","sticky":false,"template":"","format":"standard","meta":{"footnotes":""},"categories":[17],"tags":[],"class_list":["post-1709","post","type-post","status-publish","format-standard","hentry","category-sucede-cada-ano"],"_links":{"self":[{"href":"https:\/\/colegiomontserrat.org\/wp-json\/wp\/v2\/posts\/1709","targetHints":{"allow":["GET"]}}],"collection":[{"href":"https:\/\/colegiomontserrat.org\/wp-json\/wp\/v2\/posts"}],"about":[{"href":"https:\/\/colegiomontserrat.org\/wp-json\/wp\/v2\/types\/post"}],"author":[{"embeddable":true,"href":"https:\/\/colegiomontserrat.org\/wp-json\/wp\/v2\/users\/1"}],"replies":[{"embeddable":true,"href":"https:\/\/colegiomontserrat.org\/wp-json\/wp\/v2\/comments?post=1709"}],"version-history":[{"count":2,"href":"https:\/\/colegiomontserrat.org\/wp-json\/wp\/v2\/posts\/1709\/revisions"}],"predecessor-version":[{"id":1721,"href":"https:\/\/colegiomontserrat.org\/wp-json\/wp\/v2\/posts\/1709\/revisions\/1721"}],"wp:attachment":[{"href":"https:\/\/colegiomontserrat.org\/wp-json\/wp\/v2\/media?parent=1709"}],"wp:term":[{"taxonomy":"category","embeddable":true,"href":"https:\/\/colegiomontserrat.org\/wp-json\/wp\/v2\/categories?post=1709"},{"taxonomy":"post_tag","embeddable":true,"href":"https:\/\/colegiomontserrat.org\/wp-json\/wp\/v2\/tags?post=1709"}],"curies":[{"name":"wp","href":"https:\/\/api.w.org\/{rel}","templated":true}]}}