{"id":1761,"date":"2014-06-06T09:57:53","date_gmt":"2014-06-06T07:57:53","guid":{"rendered":"http:\/\/colegiomontserrat.org\/?p=1761"},"modified":"2014-06-26T12:19:42","modified_gmt":"2014-06-26T10:19:42","slug":"4o-de-secundaria-en-cadena-ser","status":"publish","type":"post","link":"https:\/\/colegiomontserrat.org\/?p=1761","title":{"rendered":"4\u00ba de secundaria en cadena SER."},"content":{"rendered":"<p>Dos alumnos de 4\u00ba de secundaria en representaci\u00f3n de la clase, acudir\u00e1n el s\u00e1bado 7 de junio entre las 12:00 y las 12:30 a la cadena SER, para presentar junto a Jon\u00e1s Trueba el cortometraje documental \u00abDiario de un barrio\u00bb. Realizado por el grupo, en colaboraci\u00f3n con el Museo Nacional Centro de Arte Reina Sof\u00eda, y el grupo \u00abA bao a qu\u00bb. \u00a0 <a href=\"http:\/\/colegiomontserrat.org\/wp-content\/uploads\/2014\/06\/Atardecer-edificios.jpg\"><img loading=\"lazy\" decoding=\"async\" class=\"aligncenter size-medium wp-image-1766\" src=\"http:\/\/colegiomontserrat.org\/wp-content\/uploads\/2014\/06\/Atardecer-edificios-300x168.jpg\" alt=\"Atardecer edificios\" width=\"300\" height=\"168\" srcset=\"https:\/\/colegiomontserrat.org\/wp-content\/uploads\/2014\/06\/Atardecer-edificios-300x168.jpg 300w, https:\/\/colegiomontserrat.org\/wp-content\/uploads\/2014\/06\/Atardecer-edificios-1024x576.jpg 1024w, https:\/\/colegiomontserrat.org\/wp-content\/uploads\/2014\/06\/Atardecer-edificios.jpg 1920w\" sizes=\"auto, (max-width: 300px) 100vw, 300px\" \/><\/a><\/p>\n","protected":false},"excerpt":{"rendered":"<p>Dos alumnos de 4\u00ba de secundaria en representaci\u00f3n de la clase, acudir\u00e1n el s\u00e1bado 7 de junio entre las 12:00 y las 12:30 a la cadena SER, para presentar junto a Jon\u00e1s Trueba el cortometraje documental \u00abDiario de un barrio\u00bb. Realizado por el grupo, en colaboraci\u00f3n con el Museo Nacional Centro de Arte Reina Sof\u00eda, [&hellip;]<\/p>\n","protected":false},"author":1,"featured_media":0,"comment_status":"open","ping_status":"open","sticky":false,"template":"","format":"standard","meta":{"footnotes":""},"categories":[107,106,6],"tags":[126],"class_list":["post-1761","post","type-post","status-publish","format-standard","hentry","category-cine-en-curso-2","category-en-los-medios","category-secundaria","tag-en-los-medios"],"_links":{"self":[{"href":"https:\/\/colegiomontserrat.org\/index.php?rest_route=\/wp\/v2\/posts\/1761","targetHints":{"allow":["GET"]}}],"collection":[{"href":"https:\/\/colegiomontserrat.org\/index.php?rest_route=\/wp\/v2\/posts"}],"about":[{"href":"https:\/\/colegiomontserrat.org\/index.php?rest_route=\/wp\/v2\/types\/post"}],"author":[{"embeddable":true,"href":"https:\/\/colegiomontserrat.org\/index.php?rest_route=\/wp\/v2\/users\/1"}],"replies":[{"embeddable":true,"href":"https:\/\/colegiomontserrat.org\/index.php?rest_route=%2Fwp%2Fv2%2Fcomments&post=1761"}],"version-history":[{"count":4,"href":"https:\/\/colegiomontserrat.org\/index.php?rest_route=\/wp\/v2\/posts\/1761\/revisions"}],"predecessor-version":[{"id":1769,"href":"https:\/\/colegiomontserrat.org\/index.php?rest_route=\/wp\/v2\/posts\/1761\/revisions\/1769"}],"wp:attachment":[{"href":"https:\/\/colegiomontserrat.org\/index.php?rest_route=%2Fwp%2Fv2%2Fmedia&parent=1761"}],"wp:term":[{"taxonomy":"category","embeddable":true,"href":"https:\/\/colegiomontserrat.org\/index.php?rest_route=%2Fwp%2Fv2%2Fcategories&post=1761"},{"taxonomy":"post_tag","embeddable":true,"href":"https:\/\/colegiomontserrat.org\/index.php?rest_route=%2Fwp%2Fv2%2Ftags&post=1761"}],"curies":[{"name":"wp","href":"https:\/\/api.w.org\/{rel}","templated":true}]}}