{"id":197,"date":"2011-03-07T20:09:55","date_gmt":"2011-03-07T19:09:55","guid":{"rendered":"http:\/\/www.colegiomontserrat.org\/?p=197"},"modified":"2011-03-20T21:03:51","modified_gmt":"2011-03-20T20:03:51","slug":"carnavalcarnaval","status":"publish","type":"post","link":"https:\/\/colegiomontserrat.org\/?p=197","title":{"rendered":"Carnaval,carnaval&#8230;"},"content":{"rendered":"<p style=\"text-align: justify;\">El 4 de marzo celebramos el carnaval. Debido al mal tiempo tuvimos que indultar a la sardina hasta el a\u00f1o que viene. Como cada a\u00f1o, cantamos nuestras canciones, comimos churros con chocolate y tuvimos la aparici\u00f3n estelar del duende a rayas, que es muy t\u00edmido y nunca se acerca.<\/p>\n<p style=\"text-align: justify;\"><a href=\"http:\/\/www.colegiomontserrat.org\/wp-content\/uploads\/2011\/03\/grupo-disfrazado.jpg\"><img loading=\"lazy\" decoding=\"async\" class=\"alignleft size-thumbnail wp-image-206\" title=\"grupo disfrazado\" src=\"http:\/\/www.colegiomontserrat.org\/wp-content\/uploads\/2011\/03\/grupo-disfrazado-150x150.jpg\" alt=\"\" width=\"150\" height=\"150\" \/><\/a> <a href=\"http:\/\/www.colegiomontserrat.org\/wp-content\/uploads\/2011\/03\/duende-a-rayas.jpg\"><img loading=\"lazy\" decoding=\"async\" class=\"alignleft size-thumbnail wp-image-211\" title=\"duende a rayas\" src=\"http:\/\/www.colegiomontserrat.org\/wp-content\/uploads\/2011\/03\/duende-a-rayas-150x150.jpg\" alt=\"\" width=\"150\" height=\"150\" \/><\/a> <a href=\"http:\/\/www.colegiomontserrat.org\/wp-content\/uploads\/2011\/03\/grupo-disfrazado1.jpg\"><img loading=\"lazy\" decoding=\"async\" class=\"alignleft size-thumbnail wp-image-213\" title=\"grupo disfrazado\" src=\"http:\/\/www.colegiomontserrat.org\/wp-content\/uploads\/2011\/03\/grupo-disfrazado1-150x150.jpg\" alt=\"\" width=\"150\" height=\"150\" \/><\/a><\/p>\n<p style=\"text-align: justify;\">&nbsp;<\/p>\n<p style=\"text-align: justify;\">&nbsp;<\/p>\n<p style=\"text-align: justify;\">&nbsp;<\/p>\n<p style=\"text-align: justify;\">&nbsp;<\/p>\n<p style=\"text-align: justify;\">&nbsp;<\/p>\n","protected":false},"excerpt":{"rendered":"<p>El 4 de marzo celebramos el carnaval. Debido al mal tiempo tuvimos que indultar a la sardina hasta el a\u00f1o que viene. Como cada a\u00f1o, cantamos nuestras canciones, comimos churros con chocolate y tuvimos la aparici\u00f3n estelar del duende a rayas, que es muy t\u00edmido y nunca se acerca. &nbsp; &nbsp; &nbsp; &nbsp; &nbsp;<\/p>\n","protected":false},"author":1,"featured_media":0,"comment_status":"open","ping_status":"open","sticky":false,"template":"","format":"standard","meta":{"footnotes":""},"categories":[4,5,6,17],"tags":[23],"class_list":["post-197","post","type-post","status-publish","format-standard","hentry","category-infantil","category-primaria","category-secundaria","category-sucede-cada-ano","tag-carnavales"],"_links":{"self":[{"href":"https:\/\/colegiomontserrat.org\/index.php?rest_route=\/wp\/v2\/posts\/197","targetHints":{"allow":["GET"]}}],"collection":[{"href":"https:\/\/colegiomontserrat.org\/index.php?rest_route=\/wp\/v2\/posts"}],"about":[{"href":"https:\/\/colegiomontserrat.org\/index.php?rest_route=\/wp\/v2\/types\/post"}],"author":[{"embeddable":true,"href":"https:\/\/colegiomontserrat.org\/index.php?rest_route=\/wp\/v2\/users\/1"}],"replies":[{"embeddable":true,"href":"https:\/\/colegiomontserrat.org\/index.php?rest_route=%2Fwp%2Fv2%2Fcomments&post=197"}],"version-history":[{"count":8,"href":"https:\/\/colegiomontserrat.org\/index.php?rest_route=\/wp\/v2\/posts\/197\/revisions"}],"predecessor-version":[{"id":210,"href":"https:\/\/colegiomontserrat.org\/index.php?rest_route=\/wp\/v2\/posts\/197\/revisions\/210"}],"wp:attachment":[{"href":"https:\/\/colegiomontserrat.org\/index.php?rest_route=%2Fwp%2Fv2%2Fmedia&parent=197"}],"wp:term":[{"taxonomy":"category","embeddable":true,"href":"https:\/\/colegiomontserrat.org\/index.php?rest_route=%2Fwp%2Fv2%2Fcategories&post=197"},{"taxonomy":"post_tag","embeddable":true,"href":"https:\/\/colegiomontserrat.org\/index.php?rest_route=%2Fwp%2Fv2%2Ftags&post=197"}],"curies":[{"name":"wp","href":"https:\/\/api.w.org\/{rel}","templated":true}]}}