{"id":2415,"date":"2015-09-24T14:07:55","date_gmt":"2015-09-24T12:07:55","guid":{"rendered":"http:\/\/colegiomontserrat.org\/?p=2415"},"modified":"2015-09-24T14:07:55","modified_gmt":"2015-09-24T12:07:55","slug":"educacion-vial","status":"publish","type":"post","link":"https:\/\/colegiomontserrat.org\/?p=2415","title":{"rendered":"Educaci\u00f3n vial."},"content":{"rendered":"<p>Un a\u00f1o m\u00e1s las chicas y chicos de 6\u00b0 de Primaria disfrutaron de una sesi\u00f3n de educaci\u00f3n vial con la Polic\u00eda Local de Madrid.<\/p>\n<div id='gallery-1' class='gallery galleryid-2415 gallery-columns-4 gallery-size-thumbnail'><figure class='gallery-item'>\n\t\t\t<div class='gallery-icon landscape'>\n\t\t\t\t<a href='https:\/\/colegiomontserrat.org\/?attachment_id=2416#main'><img loading=\"lazy\" decoding=\"async\" width=\"150\" height=\"150\" src=\"https:\/\/colegiomontserrat.org\/wp-content\/uploads\/2015\/09\/IMG_20150915_093140-150x150.jpg\" class=\"attachment-thumbnail size-thumbnail\" alt=\"\" \/><\/a>\n\t\t\t<\/div><\/figure><figure class='gallery-item'>\n\t\t\t<div class='gallery-icon landscape'>\n\t\t\t\t<a href='https:\/\/colegiomontserrat.org\/?attachment_id=2417#main'><img loading=\"lazy\" decoding=\"async\" width=\"150\" height=\"150\" src=\"https:\/\/colegiomontserrat.org\/wp-content\/uploads\/2015\/09\/IMG_20150915_093807-150x150.jpg\" class=\"attachment-thumbnail size-thumbnail\" alt=\"\" \/><\/a>\n\t\t\t<\/div><\/figure><figure class='gallery-item'>\n\t\t\t<div class='gallery-icon landscape'>\n\t\t\t\t<a href='https:\/\/colegiomontserrat.org\/?attachment_id=2418#main'><img loading=\"lazy\" decoding=\"async\" width=\"150\" height=\"150\" src=\"https:\/\/colegiomontserrat.org\/wp-content\/uploads\/2015\/09\/IMG_20150915_103647-150x150.jpg\" class=\"attachment-thumbnail size-thumbnail\" alt=\"\" \/><\/a>\n\t\t\t<\/div><\/figure><figure class='gallery-item'>\n\t\t\t<div class='gallery-icon landscape'>\n\t\t\t\t<a href='https:\/\/colegiomontserrat.org\/?attachment_id=2419#main'><img loading=\"lazy\" decoding=\"async\" width=\"150\" height=\"150\" src=\"https:\/\/colegiomontserrat.org\/wp-content\/uploads\/2015\/09\/IMG_20150915_113835-150x150.jpg\" class=\"attachment-thumbnail size-thumbnail\" alt=\"\" \/><\/a>\n\t\t\t<\/div><\/figure>\n\t\t<\/div>\n\n","protected":false},"excerpt":{"rendered":"<p>Un a\u00f1o m\u00e1s las chicas y chicos de 6\u00b0 de Primaria disfrutaron de una sesi\u00f3n de educaci\u00f3n vial con la Polic\u00eda Local de Madrid.<\/p>\n","protected":false},"author":1,"featured_media":0,"comment_status":"open","ping_status":"open","sticky":false,"template":"","format":"standard","meta":{"footnotes":""},"categories":[5],"tags":[],"class_list":["post-2415","post","type-post","status-publish","format-standard","hentry","category-primaria"],"_links":{"self":[{"href":"https:\/\/colegiomontserrat.org\/index.php?rest_route=\/wp\/v2\/posts\/2415","targetHints":{"allow":["GET"]}}],"collection":[{"href":"https:\/\/colegiomontserrat.org\/index.php?rest_route=\/wp\/v2\/posts"}],"about":[{"href":"https:\/\/colegiomontserrat.org\/index.php?rest_route=\/wp\/v2\/types\/post"}],"author":[{"embeddable":true,"href":"https:\/\/colegiomontserrat.org\/index.php?rest_route=\/wp\/v2\/users\/1"}],"replies":[{"embeddable":true,"href":"https:\/\/colegiomontserrat.org\/index.php?rest_route=%2Fwp%2Fv2%2Fcomments&post=2415"}],"version-history":[{"count":1,"href":"https:\/\/colegiomontserrat.org\/index.php?rest_route=\/wp\/v2\/posts\/2415\/revisions"}],"predecessor-version":[{"id":2420,"href":"https:\/\/colegiomontserrat.org\/index.php?rest_route=\/wp\/v2\/posts\/2415\/revisions\/2420"}],"wp:attachment":[{"href":"https:\/\/colegiomontserrat.org\/index.php?rest_route=%2Fwp%2Fv2%2Fmedia&parent=2415"}],"wp:term":[{"taxonomy":"category","embeddable":true,"href":"https:\/\/colegiomontserrat.org\/index.php?rest_route=%2Fwp%2Fv2%2Fcategories&post=2415"},{"taxonomy":"post_tag","embeddable":true,"href":"https:\/\/colegiomontserrat.org\/index.php?rest_route=%2Fwp%2Fv2%2Ftags&post=2415"}],"curies":[{"name":"wp","href":"https:\/\/api.w.org\/{rel}","templated":true}]}}