{"id":2441,"date":"2015-11-03T12:25:19","date_gmt":"2015-11-03T11:25:19","guid":{"rendered":"http:\/\/colegiomontserrat.org\/?p=2441"},"modified":"2015-11-03T12:45:03","modified_gmt":"2015-11-03T11:45:03","slug":"proyecto-inmersion-linguistica","status":"publish","type":"post","link":"https:\/\/colegiomontserrat.org\/?p=2441","title":{"rendered":"Proyecto inmersi\u00f3n ling\u00fc\u00edstica."},"content":{"rendered":"<p>Los alumnos del primer ciclo est\u00e1n participando en el proyecto de inmersi\u00f3n ling\u00fc\u00edstica en Huesca.<br \/>\nLos alumnos han llegado bi\u00e9n, os mostramos una foto de la salida y llegada a Huesca.<\/p>\n<p><a href=\"http:\/\/colegiomontserrat.org\/wp-content\/uploads\/2015\/11\/IMG-20151103-WA0000-e1446550961598.jpg\"><img loading=\"lazy\" decoding=\"async\" class=\"alignleft  wp-image-2442\" src=\"http:\/\/colegiomontserrat.org\/wp-content\/uploads\/2015\/11\/IMG-20151103-WA0000-300x225.jpg\" alt=\"IMG-20151103-WA0000\" width=\"407\" height=\"305\" \/><\/a> <a href=\"http:\/\/colegiomontserrat.org\/wp-content\/uploads\/2015\/11\/IMG-20151103-WA0001.jpg\"><img loading=\"lazy\" decoding=\"async\" class=\"alignleft  wp-image-2443\" src=\"http:\/\/colegiomontserrat.org\/wp-content\/uploads\/2015\/11\/IMG-20151103-WA0001-300x169.jpg\" alt=\"IMG-20151103-WA0001\" width=\"447\" height=\"252\" srcset=\"https:\/\/colegiomontserrat.org\/wp-content\/uploads\/2015\/11\/IMG-20151103-WA0001-300x169.jpg 300w, https:\/\/colegiomontserrat.org\/wp-content\/uploads\/2015\/11\/IMG-20151103-WA0001-1024x576.jpg 1024w, https:\/\/colegiomontserrat.org\/wp-content\/uploads\/2015\/11\/IMG-20151103-WA0001.jpg 1552w\" sizes=\"auto, (max-width: 447px) 100vw, 447px\" \/><\/a><\/p>\n<p>&nbsp;<\/p>\n<p>&nbsp;<\/p>\n<p>Pod\u00e9is ver el trabajo de vuestros hijos en el siguiente enlace: http:\/\/www.zonafamiliasymca.es<\/p>\n<p>Para acceder a la p\u00e1gina usar el usuario: 913175643, y el password: 7894.<\/p>\n","protected":false},"excerpt":{"rendered":"<p>Los alumnos del primer ciclo est\u00e1n participando en el proyecto de inmersi\u00f3n ling\u00fc\u00edstica en Huesca. Los alumnos han llegado bi\u00e9n, os mostramos una foto de la salida y llegada a Huesca. &nbsp; &nbsp; Pod\u00e9is ver el trabajo de vuestros hijos en el siguiente enlace: http:\/\/www.zonafamiliasymca.es Para acceder a la p\u00e1gina usar el usuario: 913175643, y [&hellip;]<\/p>\n","protected":false},"author":1,"featured_media":0,"comment_status":"open","ping_status":"open","sticky":false,"template":"","format":"standard","meta":{"footnotes":""},"categories":[124,6],"tags":[38,46,125],"class_list":["post-2441","post","type-post","status-publish","format-standard","hentry","category-inmersion-linguistica","category-secundaria","tag-colegio-montserrat","tag-lengua-inglesa","tag-secundaria"],"_links":{"self":[{"href":"https:\/\/colegiomontserrat.org\/index.php?rest_route=\/wp\/v2\/posts\/2441","targetHints":{"allow":["GET"]}}],"collection":[{"href":"https:\/\/colegiomontserrat.org\/index.php?rest_route=\/wp\/v2\/posts"}],"about":[{"href":"https:\/\/colegiomontserrat.org\/index.php?rest_route=\/wp\/v2\/types\/post"}],"author":[{"embeddable":true,"href":"https:\/\/colegiomontserrat.org\/index.php?rest_route=\/wp\/v2\/users\/1"}],"replies":[{"embeddable":true,"href":"https:\/\/colegiomontserrat.org\/index.php?rest_route=%2Fwp%2Fv2%2Fcomments&post=2441"}],"version-history":[{"count":9,"href":"https:\/\/colegiomontserrat.org\/index.php?rest_route=\/wp\/v2\/posts\/2441\/revisions"}],"predecessor-version":[{"id":2452,"href":"https:\/\/colegiomontserrat.org\/index.php?rest_route=\/wp\/v2\/posts\/2441\/revisions\/2452"}],"wp:attachment":[{"href":"https:\/\/colegiomontserrat.org\/index.php?rest_route=%2Fwp%2Fv2%2Fmedia&parent=2441"}],"wp:term":[{"taxonomy":"category","embeddable":true,"href":"https:\/\/colegiomontserrat.org\/index.php?rest_route=%2Fwp%2Fv2%2Fcategories&post=2441"},{"taxonomy":"post_tag","embeddable":true,"href":"https:\/\/colegiomontserrat.org\/index.php?rest_route=%2Fwp%2Fv2%2Ftags&post=2441"}],"curies":[{"name":"wp","href":"https:\/\/api.w.org\/{rel}","templated":true}]}}