{"id":2837,"date":"2016-04-04T16:02:15","date_gmt":"2016-04-04T14:02:15","guid":{"rendered":"http:\/\/colegiomontserrat.org\/?p=2837"},"modified":"2016-04-04T16:02:15","modified_gmt":"2016-04-04T14:02:15","slug":"primer-ciclo-de-primaria-en-la-base-de-torrejon-de-ardoz","status":"publish","type":"post","link":"https:\/\/colegiomontserrat.org\/?p=2837","title":{"rendered":"Primer ciclo de primaria en la base de Torrej\u00f3n de Ardoz."},"content":{"rendered":"<p><a href=\"http:\/\/colegiomontserrat.org\/wp-content\/uploads\/2016\/04\/20160307-CEIP-Nta.-Se\u00f1ora-de-Montserrat-Ala-12.jpg\" rel=\"attachment wp-att-2838\"><img loading=\"lazy\" decoding=\"async\" class=\"alignleft size-medium wp-image-2838\" src=\"http:\/\/colegiomontserrat.org\/wp-content\/uploads\/2016\/04\/20160307-CEIP-Nta.-Se\u00f1ora-de-Montserrat-Ala-12-300x163.jpg\" alt=\"20160307 CEIP Nta. Se\u00f1ora de Montserrat Ala 12\" width=\"300\" height=\"163\" srcset=\"https:\/\/colegiomontserrat.org\/wp-content\/uploads\/2016\/04\/20160307-CEIP-Nta.-Se\u00f1ora-de-Montserrat-Ala-12-300x163.jpg 300w, https:\/\/colegiomontserrat.org\/wp-content\/uploads\/2016\/04\/20160307-CEIP-Nta.-Se\u00f1ora-de-Montserrat-Ala-12-768x418.jpg 768w, https:\/\/colegiomontserrat.org\/wp-content\/uploads\/2016\/04\/20160307-CEIP-Nta.-Se\u00f1ora-de-Montserrat-Ala-12-1024x558.jpg 1024w\" sizes=\"auto, (max-width: 300px) 100vw, 300px\" \/><\/a><\/p>\n<p>El pasado lunes 7 de marzo los chicos y chicas de 1\u00ba y 2\u00ba de Primaria visitamos el Ala 12 de la Base \u00c1rea de Torrej\u00f3n de Ardoz. Disfrutamos mucho viendo los aviones, mont\u00e1ndonos en ellos y aprendiendo las diferentes funciones que realizan en esta base.<\/p>\n","protected":false},"excerpt":{"rendered":"<p>El pasado lunes 7 de marzo los chicos y chicas de 1\u00ba y 2\u00ba de Primaria visitamos el Ala 12 de la Base \u00c1rea de Torrej\u00f3n de Ardoz. Disfrutamos mucho viendo los aviones, mont\u00e1ndonos en ellos y aprendiendo las diferentes funciones que realizan en esta base.<\/p>\n","protected":false},"author":1,"featured_media":0,"comment_status":"open","ping_status":"open","sticky":false,"template":"","format":"standard","meta":{"footnotes":""},"categories":[5],"tags":[38],"class_list":["post-2837","post","type-post","status-publish","format-standard","hentry","category-primaria","tag-colegio-montserrat"],"_links":{"self":[{"href":"https:\/\/colegiomontserrat.org\/index.php?rest_route=\/wp\/v2\/posts\/2837","targetHints":{"allow":["GET"]}}],"collection":[{"href":"https:\/\/colegiomontserrat.org\/index.php?rest_route=\/wp\/v2\/posts"}],"about":[{"href":"https:\/\/colegiomontserrat.org\/index.php?rest_route=\/wp\/v2\/types\/post"}],"author":[{"embeddable":true,"href":"https:\/\/colegiomontserrat.org\/index.php?rest_route=\/wp\/v2\/users\/1"}],"replies":[{"embeddable":true,"href":"https:\/\/colegiomontserrat.org\/index.php?rest_route=%2Fwp%2Fv2%2Fcomments&post=2837"}],"version-history":[{"count":1,"href":"https:\/\/colegiomontserrat.org\/index.php?rest_route=\/wp\/v2\/posts\/2837\/revisions"}],"predecessor-version":[{"id":2839,"href":"https:\/\/colegiomontserrat.org\/index.php?rest_route=\/wp\/v2\/posts\/2837\/revisions\/2839"}],"wp:attachment":[{"href":"https:\/\/colegiomontserrat.org\/index.php?rest_route=%2Fwp%2Fv2%2Fmedia&parent=2837"}],"wp:term":[{"taxonomy":"category","embeddable":true,"href":"https:\/\/colegiomontserrat.org\/index.php?rest_route=%2Fwp%2Fv2%2Fcategories&post=2837"},{"taxonomy":"post_tag","embeddable":true,"href":"https:\/\/colegiomontserrat.org\/index.php?rest_route=%2Fwp%2Fv2%2Ftags&post=2837"}],"curies":[{"name":"wp","href":"https:\/\/api.w.org\/{rel}","templated":true}]}}