{"id":4467,"date":"2019-04-24T19:32:25","date_gmt":"2019-04-24T17:32:25","guid":{"rendered":"https:\/\/colegiomontserrat.org\/?p=4467"},"modified":"2019-04-24T19:32:26","modified_gmt":"2019-04-24T17:32:26","slug":"visita-agregada-cultural-de-la-embajada-de-eeuu","status":"publish","type":"post","link":"https:\/\/colegiomontserrat.org\/visita-agregada-cultural-de-la-embajada-de-eeuu\/","title":{"rendered":"Visita agregada cultural de la embajada de EEUU"},"content":{"rendered":"\n<p style=\"text-align:left\">Hemos recibido en el colegio una visita muy especial. La agregada cultural de la embajada de Estados Unidos  (Ana Duque) y la coordinadora educativa (Macarena Moreno), junto a los  m\u00e1ximos responsables de Ucetam. <br \/> Quer\u00edan conocer nuestro proyecto educativo, la  implementaci\u00f3n de la metodolog\u00eda en el programa biling\u00fce y c\u00f3mo se  desarrolla el d\u00eda a d\u00eda en nuestro centro. <br \/> Han participado en un tramo de la sesi\u00f3n de ingl\u00e9s con  los m\u00e1s peques de primaria, tambi\u00e9n han visitado la clase de 1\u00b0 de la  ESO, d\u00f3nde han podido ver c\u00f3mo trabajamos el writing y el speaking con  los auxiliares americanos. <br \/> Adem\u00e1s, un recorrido por el centro donde han podido  saludar a nuestros chiquitines de infantil mientras com\u00edan, las aulas de  infantil donde estaba todo preparado para los grupos interactivos  (comunidades de aprendizaje) de esa tarde, y por \u00faltimo  han conocido a dos de nuestras mamis \u00a1Maravillosas!\u00a0 <br \/> \u00a1Tenemos un cole espectacular! y as\u00ed nos lo han transmitido.<\/p>\n\n\n\n<ul class=\"wp-block-gallery alignleft columns-3 is-cropped wp-block-gallery-1 is-layout-flex wp-block-gallery-is-layout-flex\"><li class=\"blocks-gallery-item\"><figure><img decoding=\"async\" width=\"1024\" height=\"768\" src=\"https:\/\/colegiomontserrat.org\/wp-content\/uploads\/2019\/04\/IMG_20190410_123207-1024x768.jpg\" alt=\"\" data-id=\"4468\" data-link=\"https:\/\/colegiomontserrat.org\/?attachment_id=4468#main\" class=\"wp-image-4468\" srcset=\"https:\/\/colegiomontserrat.org\/wp-content\/uploads\/2019\/04\/IMG_20190410_123207-1024x768.jpg 1024w, https:\/\/colegiomontserrat.org\/wp-content\/uploads\/2019\/04\/IMG_20190410_123207-300x225.jpg 300w, https:\/\/colegiomontserrat.org\/wp-content\/uploads\/2019\/04\/IMG_20190410_123207-768x576.jpg 768w\" sizes=\"(max-width: 1024px) 100vw, 1024px\" \/><\/figure><\/li><li class=\"blocks-gallery-item\"><figure><img decoding=\"async\" width=\"1024\" height=\"768\" src=\"https:\/\/colegiomontserrat.org\/wp-content\/uploads\/2019\/04\/IMG_20190410_123257-1024x768.jpg\" alt=\"\" data-id=\"4469\" data-link=\"https:\/\/colegiomontserrat.org\/?attachment_id=4469#main\" class=\"wp-image-4469\" srcset=\"https:\/\/colegiomontserrat.org\/wp-content\/uploads\/2019\/04\/IMG_20190410_123257-1024x768.jpg 1024w, https:\/\/colegiomontserrat.org\/wp-content\/uploads\/2019\/04\/IMG_20190410_123257-300x225.jpg 300w, https:\/\/colegiomontserrat.org\/wp-content\/uploads\/2019\/04\/IMG_20190410_123257-768x576.jpg 768w\" sizes=\"(max-width: 1024px) 100vw, 1024px\" \/><\/figure><\/li><li class=\"blocks-gallery-item\"><figure><img decoding=\"async\" width=\"1024\" height=\"768\" src=\"https:\/\/colegiomontserrat.org\/wp-content\/uploads\/2019\/04\/IMG_20190410_123813-1024x768.jpg\" alt=\"\" data-id=\"4470\" data-link=\"https:\/\/colegiomontserrat.org\/?attachment_id=4470#main\" class=\"wp-image-4470\" srcset=\"https:\/\/colegiomontserrat.org\/wp-content\/uploads\/2019\/04\/IMG_20190410_123813-1024x768.jpg 1024w, https:\/\/colegiomontserrat.org\/wp-content\/uploads\/2019\/04\/IMG_20190410_123813-300x225.jpg 300w, https:\/\/colegiomontserrat.org\/wp-content\/uploads\/2019\/04\/IMG_20190410_123813-768x576.jpg 768w\" sizes=\"(max-width: 1024px) 100vw, 1024px\" \/><\/figure><\/li><li class=\"blocks-gallery-item\"><figure><img decoding=\"async\" width=\"1024\" height=\"768\" src=\"https:\/\/colegiomontserrat.org\/wp-content\/uploads\/2019\/04\/IMG_20190410_131105-1024x768.jpg\" alt=\"\" data-id=\"4471\" data-link=\"https:\/\/colegiomontserrat.org\/?attachment_id=4471#main\" class=\"wp-image-4471\" srcset=\"https:\/\/colegiomontserrat.org\/wp-content\/uploads\/2019\/04\/IMG_20190410_131105-1024x768.jpg 1024w, https:\/\/colegiomontserrat.org\/wp-content\/uploads\/2019\/04\/IMG_20190410_131105-300x225.jpg 300w, https:\/\/colegiomontserrat.org\/wp-content\/uploads\/2019\/04\/IMG_20190410_131105-768x576.jpg 768w\" sizes=\"(max-width: 1024px) 100vw, 1024px\" \/><\/figure><\/li><\/ul>\n","protected":false},"excerpt":{"rendered":"<p>Hemos recibido en el colegio una visita muy especial. La agregada cultural de la embajada de Estados Unidos (Ana Duque) y la coordinadora educativa (Macarena Moreno), junto a los m\u00e1ximos responsables de Ucetam. Quer\u00edan conocer nuestro proyecto educativo, la implementaci\u00f3n de la metodolog\u00eda en el programa biling\u00fce y c\u00f3mo se desarrolla el d\u00eda a d\u00eda [&hellip;]<\/p>\n","protected":false},"author":1,"featured_media":4470,"comment_status":"closed","ping_status":"open","sticky":false,"template":"","format":"standard","meta":{"footnotes":""},"categories":[173],"tags":[162],"class_list":["post-4467","post","type-post","status-publish","format-standard","has-post-thumbnail","hentry","category-proyecto-bicultural-bilingue","tag-proyecto-bicultural-bilingue"],"_links":{"self":[{"href":"https:\/\/colegiomontserrat.org\/wp-json\/wp\/v2\/posts\/4467","targetHints":{"allow":["GET"]}}],"collection":[{"href":"https:\/\/colegiomontserrat.org\/wp-json\/wp\/v2\/posts"}],"about":[{"href":"https:\/\/colegiomontserrat.org\/wp-json\/wp\/v2\/types\/post"}],"author":[{"embeddable":true,"href":"https:\/\/colegiomontserrat.org\/wp-json\/wp\/v2\/users\/1"}],"replies":[{"embeddable":true,"href":"https:\/\/colegiomontserrat.org\/wp-json\/wp\/v2\/comments?post=4467"}],"version-history":[{"count":2,"href":"https:\/\/colegiomontserrat.org\/wp-json\/wp\/v2\/posts\/4467\/revisions"}],"predecessor-version":[{"id":4473,"href":"https:\/\/colegiomontserrat.org\/wp-json\/wp\/v2\/posts\/4467\/revisions\/4473"}],"wp:featuredmedia":[{"embeddable":true,"href":"https:\/\/colegiomontserrat.org\/wp-json\/wp\/v2\/media\/4470"}],"wp:attachment":[{"href":"https:\/\/colegiomontserrat.org\/wp-json\/wp\/v2\/media?parent=4467"}],"wp:term":[{"taxonomy":"category","embeddable":true,"href":"https:\/\/colegiomontserrat.org\/wp-json\/wp\/v2\/categories?post=4467"},{"taxonomy":"post_tag","embeddable":true,"href":"https:\/\/colegiomontserrat.org\/wp-json\/wp\/v2\/tags?post=4467"}],"curies":[{"name":"wp","href":"https:\/\/api.w.org\/{rel}","templated":true}]}}