{"id":4901,"date":"2019-10-30T17:23:56","date_gmt":"2019-10-30T16:23:56","guid":{"rendered":"https:\/\/colegiomontserrat.org\/?p=4901"},"modified":"2019-10-30T17:23:58","modified_gmt":"2019-10-30T16:23:58","slug":"jornada-cultural-i-el-pregon","status":"publish","type":"post","link":"https:\/\/colegiomontserrat.org\/?p=4901","title":{"rendered":"Jornada Cultural I. \u00abEl preg\u00f3n\u00bb"},"content":{"rendered":"\n<p>Este a\u00f1o nos han anunciado la celebraci\u00f3n del tema cultural unos marcianitos al ritmo del cha cha ch\u00e1&#8230;<\/p>\n\n\n\n<ul class=\"wp-block-gallery columns-3 is-cropped wp-block-gallery-1 is-layout-flex wp-block-gallery-is-layout-flex\"><li class=\"blocks-gallery-item\"><figure><img loading=\"lazy\" decoding=\"async\" width=\"1024\" height=\"768\" src=\"https:\/\/colegiomontserrat.org\/wp-content\/uploads\/2019\/10\/IMG-20191024-WA0002-1024x768.jpg\" alt=\"\" data-id=\"4902\" data-link=\"https:\/\/colegiomontserrat.org\/?attachment_id=4902#main\" class=\"wp-image-4902\" srcset=\"https:\/\/colegiomontserrat.org\/wp-content\/uploads\/2019\/10\/IMG-20191024-WA0002-1024x768.jpg 1024w, https:\/\/colegiomontserrat.org\/wp-content\/uploads\/2019\/10\/IMG-20191024-WA0002-300x225.jpg 300w, https:\/\/colegiomontserrat.org\/wp-content\/uploads\/2019\/10\/IMG-20191024-WA0002-768x576.jpg 768w, https:\/\/colegiomontserrat.org\/wp-content\/uploads\/2019\/10\/IMG-20191024-WA0002.jpg 1600w\" sizes=\"auto, (max-width: 1024px) 100vw, 1024px\" \/><\/figure><\/li><li class=\"blocks-gallery-item\"><figure><img loading=\"lazy\" decoding=\"async\" width=\"1024\" height=\"768\" src=\"https:\/\/colegiomontserrat.org\/wp-content\/uploads\/2019\/10\/IMG-20191024-WA0004-1024x768.jpg\" alt=\"\" data-id=\"4903\" data-link=\"https:\/\/colegiomontserrat.org\/?attachment_id=4903#main\" class=\"wp-image-4903\" srcset=\"https:\/\/colegiomontserrat.org\/wp-content\/uploads\/2019\/10\/IMG-20191024-WA0004-1024x768.jpg 1024w, https:\/\/colegiomontserrat.org\/wp-content\/uploads\/2019\/10\/IMG-20191024-WA0004-300x225.jpg 300w, https:\/\/colegiomontserrat.org\/wp-content\/uploads\/2019\/10\/IMG-20191024-WA0004-768x576.jpg 768w, https:\/\/colegiomontserrat.org\/wp-content\/uploads\/2019\/10\/IMG-20191024-WA0004.jpg 1600w\" sizes=\"auto, (max-width: 1024px) 100vw, 1024px\" \/><\/figure><\/li><li class=\"blocks-gallery-item\"><figure><img loading=\"lazy\" decoding=\"async\" width=\"1024\" height=\"768\" src=\"https:\/\/colegiomontserrat.org\/wp-content\/uploads\/2019\/10\/IMG-20191024-WA0007-1024x768.jpg\" alt=\"\" data-id=\"4904\" data-link=\"https:\/\/colegiomontserrat.org\/?attachment_id=4904#main\" class=\"wp-image-4904\" srcset=\"https:\/\/colegiomontserrat.org\/wp-content\/uploads\/2019\/10\/IMG-20191024-WA0007-1024x768.jpg 1024w, https:\/\/colegiomontserrat.org\/wp-content\/uploads\/2019\/10\/IMG-20191024-WA0007-300x225.jpg 300w, https:\/\/colegiomontserrat.org\/wp-content\/uploads\/2019\/10\/IMG-20191024-WA0007-768x576.jpg 768w, https:\/\/colegiomontserrat.org\/wp-content\/uploads\/2019\/10\/IMG-20191024-WA0007.jpg 1600w\" sizes=\"auto, (max-width: 1024px) 100vw, 1024px\" \/><\/figure><\/li><li class=\"blocks-gallery-item\"><figure><img loading=\"lazy\" decoding=\"async\" width=\"1024\" height=\"768\" src=\"https:\/\/colegiomontserrat.org\/wp-content\/uploads\/2019\/10\/IMG-20191024-WA0027-1024x768.jpg\" alt=\"\" data-id=\"4905\" data-link=\"https:\/\/colegiomontserrat.org\/?attachment_id=4905#main\" class=\"wp-image-4905\" srcset=\"https:\/\/colegiomontserrat.org\/wp-content\/uploads\/2019\/10\/IMG-20191024-WA0027-1024x768.jpg 1024w, https:\/\/colegiomontserrat.org\/wp-content\/uploads\/2019\/10\/IMG-20191024-WA0027-300x225.jpg 300w, https:\/\/colegiomontserrat.org\/wp-content\/uploads\/2019\/10\/IMG-20191024-WA0027-768x576.jpg 768w, https:\/\/colegiomontserrat.org\/wp-content\/uploads\/2019\/10\/IMG-20191024-WA0027.jpg 1600w\" sizes=\"auto, (max-width: 1024px) 100vw, 1024px\" \/><\/figure><\/li><\/ul>\n","protected":false},"excerpt":{"rendered":"<p>Este a\u00f1o nos han anunciado la celebraci\u00f3n del tema cultural unos marcianitos al ritmo del cha cha ch\u00e1&#8230;<\/p>\n","protected":false},"author":1,"featured_media":4904,"comment_status":"closed","ping_status":"open","sticky":false,"template":"","format":"standard","meta":{"footnotes":""},"categories":[17],"tags":[31],"class_list":["post-4901","post","type-post","status-publish","format-standard","has-post-thumbnail","hentry","category-sucede-cada-ano","tag-semana-cultural"],"_links":{"self":[{"href":"https:\/\/colegiomontserrat.org\/index.php?rest_route=\/wp\/v2\/posts\/4901","targetHints":{"allow":["GET"]}}],"collection":[{"href":"https:\/\/colegiomontserrat.org\/index.php?rest_route=\/wp\/v2\/posts"}],"about":[{"href":"https:\/\/colegiomontserrat.org\/index.php?rest_route=\/wp\/v2\/types\/post"}],"author":[{"embeddable":true,"href":"https:\/\/colegiomontserrat.org\/index.php?rest_route=\/wp\/v2\/users\/1"}],"replies":[{"embeddable":true,"href":"https:\/\/colegiomontserrat.org\/index.php?rest_route=%2Fwp%2Fv2%2Fcomments&post=4901"}],"version-history":[{"count":1,"href":"https:\/\/colegiomontserrat.org\/index.php?rest_route=\/wp\/v2\/posts\/4901\/revisions"}],"predecessor-version":[{"id":4906,"href":"https:\/\/colegiomontserrat.org\/index.php?rest_route=\/wp\/v2\/posts\/4901\/revisions\/4906"}],"wp:featuredmedia":[{"embeddable":true,"href":"https:\/\/colegiomontserrat.org\/index.php?rest_route=\/wp\/v2\/media\/4904"}],"wp:attachment":[{"href":"https:\/\/colegiomontserrat.org\/index.php?rest_route=%2Fwp%2Fv2%2Fmedia&parent=4901"}],"wp:term":[{"taxonomy":"category","embeddable":true,"href":"https:\/\/colegiomontserrat.org\/index.php?rest_route=%2Fwp%2Fv2%2Fcategories&post=4901"},{"taxonomy":"post_tag","embeddable":true,"href":"https:\/\/colegiomontserrat.org\/index.php?rest_route=%2Fwp%2Fv2%2Ftags&post=4901"}],"curies":[{"name":"wp","href":"https:\/\/api.w.org\/{rel}","templated":true}]}}