{"id":5383,"date":"2020-04-01T18:03:36","date_gmt":"2020-04-01T16:03:36","guid":{"rendered":"https:\/\/colegiomontserrat.org\/?p=5383"},"modified":"2020-04-01T18:03:39","modified_gmt":"2020-04-01T16:03:39","slug":"2-de-abril-dia-mundial-de-concienciacion-del-autismo","status":"publish","type":"post","link":"https:\/\/colegiomontserrat.org\/?p=5383","title":{"rendered":"2 de abril, d\u00eda mundial de concienciaci\u00f3n del autismo"},"content":{"rendered":"\n<p>Desde las aulas TEA del colegio Montserrat y en colaboraci\u00f3n con las familias, hemos elaborado este divertido video para que entre tod@s nos concienciemos de la celebraci\u00f3n de este d\u00eda mundial tan especial para nosotr@s.<\/p>\n\n\n\n<figure class=\"wp-block-embed-youtube wp-block-embed is-type-video is-provider-youtube wp-embed-aspect-4-3 wp-has-aspect-ratio\"><div class=\"wp-block-embed__wrapper\">\n<iframe loading=\"lazy\" title=\"VIDEO aulas tea\" width=\"640\" height=\"480\" src=\"https:\/\/www.youtube.com\/embed\/d2JtgvDGN0g?feature=oembed\" frameborder=\"0\" allow=\"accelerometer; autoplay; clipboard-write; encrypted-media; gyroscope; picture-in-picture; web-share\" referrerpolicy=\"strict-origin-when-cross-origin\" allowfullscreen><\/iframe>\n<\/div><\/figure>\n","protected":false},"excerpt":{"rendered":"<p>Desde las aulas TEA del colegio Montserrat y en colaboraci\u00f3n con las familias, hemos elaborado este divertido video para que entre tod@s nos concienciemos de la celebraci\u00f3n de este d\u00eda mundial tan especial para nosotr@s.<\/p>\n","protected":false},"author":1,"featured_media":5384,"comment_status":"closed","ping_status":"open","sticky":false,"template":"","format":"standard","meta":{"footnotes":""},"categories":[163],"tags":[178,138],"class_list":["post-5383","post","type-post","status-publish","format-standard","has-post-thumbnail","hentry","category-aulas-tea","tag-aulas-tea","tag-autismo","has-post-video"],"_links":{"self":[{"href":"https:\/\/colegiomontserrat.org\/index.php?rest_route=\/wp\/v2\/posts\/5383","targetHints":{"allow":["GET"]}}],"collection":[{"href":"https:\/\/colegiomontserrat.org\/index.php?rest_route=\/wp\/v2\/posts"}],"about":[{"href":"https:\/\/colegiomontserrat.org\/index.php?rest_route=\/wp\/v2\/types\/post"}],"author":[{"embeddable":true,"href":"https:\/\/colegiomontserrat.org\/index.php?rest_route=\/wp\/v2\/users\/1"}],"replies":[{"embeddable":true,"href":"https:\/\/colegiomontserrat.org\/index.php?rest_route=%2Fwp%2Fv2%2Fcomments&post=5383"}],"version-history":[{"count":1,"href":"https:\/\/colegiomontserrat.org\/index.php?rest_route=\/wp\/v2\/posts\/5383\/revisions"}],"predecessor-version":[{"id":5385,"href":"https:\/\/colegiomontserrat.org\/index.php?rest_route=\/wp\/v2\/posts\/5383\/revisions\/5385"}],"wp:featuredmedia":[{"embeddable":true,"href":"https:\/\/colegiomontserrat.org\/index.php?rest_route=\/wp\/v2\/media\/5384"}],"wp:attachment":[{"href":"https:\/\/colegiomontserrat.org\/index.php?rest_route=%2Fwp%2Fv2%2Fmedia&parent=5383"}],"wp:term":[{"taxonomy":"category","embeddable":true,"href":"https:\/\/colegiomontserrat.org\/index.php?rest_route=%2Fwp%2Fv2%2Fcategories&post=5383"},{"taxonomy":"post_tag","embeddable":true,"href":"https:\/\/colegiomontserrat.org\/index.php?rest_route=%2Fwp%2Fv2%2Ftags&post=5383"}],"curies":[{"name":"wp","href":"https:\/\/api.w.org\/{rel}","templated":true}]}}