{"id":6071,"date":"2021-02-01T14:12:37","date_gmt":"2021-02-01T13:12:37","guid":{"rendered":"https:\/\/colegiomontserrat.org\/?p=6071"},"modified":"2021-02-01T14:12:39","modified_gmt":"2021-02-01T13:12:39","slug":"dia-de-la-paz-en-infantil-y-primaria","status":"publish","type":"post","link":"https:\/\/colegiomontserrat.org\/?p=6071","title":{"rendered":"D\u00eda de la Paz en Infantil y Primaria"},"content":{"rendered":"\n<p>El viernes celebramos el D\u00eda Escolar de la Paz. A lo largo de la semana hemos realizado una serie de actividades tem\u00e1ticas. Desde los departamentos de Educaci\u00f3n F\u00edsica , M\u00fasica y el resto de miembros de las etapas  queremos compartir con todos\/as estos v\u00eddeos realizados con nuestros alumnos\/as.<\/p>\n\n\n\n<p>Esperamos que los disfrut\u00e9is, hay mucha paz en ellos.<\/p>\n\n\n\n<figure class=\"wp-block-embed is-type-video is-provider-youtube wp-block-embed-youtube wp-embed-aspect-16-9 wp-has-aspect-ratio\"><div class=\"wp-block-embed__wrapper\">\n<iframe loading=\"lazy\" title=\"D\u00eda de la Paz 2020_21 infantil\" width=\"640\" height=\"360\" src=\"https:\/\/www.youtube.com\/embed\/qhmF2cEB8X8?feature=oembed\" frameborder=\"0\" allow=\"accelerometer; autoplay; clipboard-write; encrypted-media; gyroscope; picture-in-picture; web-share\" referrerpolicy=\"strict-origin-when-cross-origin\" allowfullscreen><\/iframe>\n<\/div><\/figure>\n\n\n\n<figure class=\"wp-block-embed is-type-video is-provider-youtube wp-block-embed-youtube wp-embed-aspect-16-9 wp-has-aspect-ratio\"><div class=\"wp-block-embed__wrapper\">\n<iframe loading=\"lazy\" title=\"Dia escolar de la Paz 20_21Primaria\" width=\"640\" height=\"360\" src=\"https:\/\/www.youtube.com\/embed\/d4A5IVRLlB4?feature=oembed\" frameborder=\"0\" allow=\"accelerometer; autoplay; clipboard-write; encrypted-media; gyroscope; picture-in-picture; web-share\" referrerpolicy=\"strict-origin-when-cross-origin\" allowfullscreen><\/iframe>\n<\/div><\/figure>\n","protected":false},"excerpt":{"rendered":"<p>El viernes celebramos el D\u00eda Escolar de la Paz. A lo largo de la semana hemos realizado una serie de actividades tem\u00e1ticas. Desde los departamentos de Educaci\u00f3n F\u00edsica , M\u00fasica y el resto de miembros de las etapas queremos compartir con todos\/as estos v\u00eddeos realizados con nuestros alumnos\/as. Esperamos que los disfrut\u00e9is, hay mucha paz [&hellip;]<\/p>\n","protected":false},"author":1,"featured_media":6073,"comment_status":"closed","ping_status":"open","sticky":false,"template":"","format":"standard","meta":{"footnotes":""},"categories":[1,17],"tags":[102],"class_list":["post-6071","post","type-post","status-publish","format-standard","has-post-thumbnail","hentry","category-sin-categoria","category-sucede-cada-ano","tag-dia-de-la-paz","has-post-video"],"_links":{"self":[{"href":"https:\/\/colegiomontserrat.org\/index.php?rest_route=\/wp\/v2\/posts\/6071","targetHints":{"allow":["GET"]}}],"collection":[{"href":"https:\/\/colegiomontserrat.org\/index.php?rest_route=\/wp\/v2\/posts"}],"about":[{"href":"https:\/\/colegiomontserrat.org\/index.php?rest_route=\/wp\/v2\/types\/post"}],"author":[{"embeddable":true,"href":"https:\/\/colegiomontserrat.org\/index.php?rest_route=\/wp\/v2\/users\/1"}],"replies":[{"embeddable":true,"href":"https:\/\/colegiomontserrat.org\/index.php?rest_route=%2Fwp%2Fv2%2Fcomments&post=6071"}],"version-history":[{"count":1,"href":"https:\/\/colegiomontserrat.org\/index.php?rest_route=\/wp\/v2\/posts\/6071\/revisions"}],"predecessor-version":[{"id":6072,"href":"https:\/\/colegiomontserrat.org\/index.php?rest_route=\/wp\/v2\/posts\/6071\/revisions\/6072"}],"wp:featuredmedia":[{"embeddable":true,"href":"https:\/\/colegiomontserrat.org\/index.php?rest_route=\/wp\/v2\/media\/6073"}],"wp:attachment":[{"href":"https:\/\/colegiomontserrat.org\/index.php?rest_route=%2Fwp%2Fv2%2Fmedia&parent=6071"}],"wp:term":[{"taxonomy":"category","embeddable":true,"href":"https:\/\/colegiomontserrat.org\/index.php?rest_route=%2Fwp%2Fv2%2Fcategories&post=6071"},{"taxonomy":"post_tag","embeddable":true,"href":"https:\/\/colegiomontserrat.org\/index.php?rest_route=%2Fwp%2Fv2%2Ftags&post=6071"}],"curies":[{"name":"wp","href":"https:\/\/api.w.org\/{rel}","templated":true}]}}