{"id":6077,"date":"2021-01-29T11:34:00","date_gmt":"2021-01-29T10:34:00","guid":{"rendered":"https:\/\/colegiomontserrat.org\/?p=6077"},"modified":"2021-02-02T11:37:58","modified_gmt":"2021-02-02T10:37:58","slug":"educacion-y-memoria-del-holocausto","status":"publish","type":"post","link":"https:\/\/colegiomontserrat.org\/educacion-y-memoria-del-holocausto\/","title":{"rendered":"Educaci\u00f3n y memoria del holocausto"},"content":{"rendered":"\n<p>El pasado jueves 28 de febrero nuestros alumnos de 2\u00baESO y 4\u00baESO asistieron a una entrevista con Edgar Wildfeuer, un superviviente del campo de exterminio de Auschwitz. Los alumnos tuvieron la oportunidad de hacerle preguntas y conocer de primera mano la verdad sobre la Sho\u00e1 (El Holocausto). Su experiencia no s\u00f3lo nos conmovi\u00f3 sino que nos animo a todos a seguir cultivando el respeto y la tolerancia. Gracias a la Comunidad Jud\u00eda de Madrid y al Centro Sefarad por esta oportunidad\u00bb<\/p>\n\n\n\n<figure class=\"wp-block-image size-large\"><img decoding=\"async\" width=\"1024\" height=\"757\" src=\"https:\/\/colegiomontserrat.org\/wp-content\/uploads\/2021\/02\/indice-1024x757.jpeg\" alt=\"\" class=\"wp-image-6078\" srcset=\"https:\/\/colegiomontserrat.org\/wp-content\/uploads\/2021\/02\/indice-1024x757.jpeg 1024w, https:\/\/colegiomontserrat.org\/wp-content\/uploads\/2021\/02\/indice-300x222.jpeg 300w, https:\/\/colegiomontserrat.org\/wp-content\/uploads\/2021\/02\/indice-768x568.jpeg 768w, https:\/\/colegiomontserrat.org\/wp-content\/uploads\/2021\/02\/indice-1536x1136.jpeg 1536w, https:\/\/colegiomontserrat.org\/wp-content\/uploads\/2021\/02\/indice.jpeg 1600w\" sizes=\"(max-width: 1024px) 100vw, 1024px\" \/><\/figure>\n","protected":false},"excerpt":{"rendered":"<p>El pasado jueves 28 de febrero nuestros alumnos de 2\u00baESO y 4\u00baESO asistieron a una entrevista con Edgar Wildfeuer, un superviviente del campo de exterminio de Auschwitz. Los alumnos tuvieron la oportunidad de hacerle preguntas y conocer de primera mano la verdad sobre la Sho\u00e1 (El Holocausto). Su experiencia no s\u00f3lo nos conmovi\u00f3 sino que [&hellip;]<\/p>\n","protected":false},"author":1,"featured_media":6078,"comment_status":"closed","ping_status":"open","sticky":false,"template":"","format":"standard","meta":{"footnotes":""},"categories":[6],"tags":[102],"class_list":["post-6077","post","type-post","status-publish","format-standard","has-post-thumbnail","hentry","category-secundaria","tag-dia-de-la-paz"],"_links":{"self":[{"href":"https:\/\/colegiomontserrat.org\/wp-json\/wp\/v2\/posts\/6077","targetHints":{"allow":["GET"]}}],"collection":[{"href":"https:\/\/colegiomontserrat.org\/wp-json\/wp\/v2\/posts"}],"about":[{"href":"https:\/\/colegiomontserrat.org\/wp-json\/wp\/v2\/types\/post"}],"author":[{"embeddable":true,"href":"https:\/\/colegiomontserrat.org\/wp-json\/wp\/v2\/users\/1"}],"replies":[{"embeddable":true,"href":"https:\/\/colegiomontserrat.org\/wp-json\/wp\/v2\/comments?post=6077"}],"version-history":[{"count":1,"href":"https:\/\/colegiomontserrat.org\/wp-json\/wp\/v2\/posts\/6077\/revisions"}],"predecessor-version":[{"id":6079,"href":"https:\/\/colegiomontserrat.org\/wp-json\/wp\/v2\/posts\/6077\/revisions\/6079"}],"wp:featuredmedia":[{"embeddable":true,"href":"https:\/\/colegiomontserrat.org\/wp-json\/wp\/v2\/media\/6078"}],"wp:attachment":[{"href":"https:\/\/colegiomontserrat.org\/wp-json\/wp\/v2\/media?parent=6077"}],"wp:term":[{"taxonomy":"category","embeddable":true,"href":"https:\/\/colegiomontserrat.org\/wp-json\/wp\/v2\/categories?post=6077"},{"taxonomy":"post_tag","embeddable":true,"href":"https:\/\/colegiomontserrat.org\/wp-json\/wp\/v2\/tags?post=6077"}],"curies":[{"name":"wp","href":"https:\/\/api.w.org\/{rel}","templated":true}]}}