{"id":647,"date":"2012-05-29T21:27:50","date_gmt":"2012-05-29T19:27:50","guid":{"rendered":"http:\/\/www.colegiomontserrat.org\/?p=647"},"modified":"2012-06-16T09:19:58","modified_gmt":"2012-06-16T07:19:58","slug":"programa-medioambiental-en-cantabria-2","status":"publish","type":"post","link":"https:\/\/colegiomontserrat.org\/?p=647","title":{"rendered":"Programa medioambiental en Cantabria.2"},"content":{"rendered":"<p>Lo prometido es deuda.Aqu\u00ed va una foto.Parece que est\u00e1n disfrutando \u00bfno?. Tranquilos pap\u00e1s, que peor era cuando nos \u00edbamos y no exist\u00edan ni los m\u00f3viles<\/p>\n<p><a href=\"http:\/\/www.colegiomontserrat.org\/wp-content\/uploads\/2012\/05\/12-1.jpg\"><img loading=\"lazy\" decoding=\"async\" class=\"alignleft size-medium wp-image-648\" title=\"1\u00ba ESO en Cantabria\" src=\"http:\/\/www.colegiomontserrat.org\/wp-content\/uploads\/2012\/05\/12-1-300x225.jpg\" alt=\"1\u00ba ESO en Cantabr\u00eda\" width=\"300\" height=\"225\" srcset=\"https:\/\/colegiomontserrat.org\/wp-content\/uploads\/2012\/05\/12-1-300x225.jpg 300w, https:\/\/colegiomontserrat.org\/wp-content\/uploads\/2012\/05\/12-1.jpg 497w\" sizes=\"auto, (max-width: 300px) 100vw, 300px\" \/><\/a><\/p>\n<p>&nbsp;<\/p>\n<p>&nbsp;<\/p>\n<p>&nbsp;<\/p>\n<p>&nbsp;<\/p>\n<p>&nbsp;<\/p>\n<p>&nbsp;<\/p>\n<p>&nbsp;<\/p>\n<p>Y un v\u00eddeo recientito<\/p>\n<p>httpv:\/\/youtu.be\/mF20ThtIOWg<br \/>\n<!--more--><\/p>\n<p>&nbsp;<\/p>\n<p>&nbsp;<\/p>\n<p>&nbsp;<\/p>\n<p>Y otro<br \/>\nhttpv:\/\/youtu.be\/Tp_WmQvEwe4<\/p>\n","protected":false},"excerpt":{"rendered":"<p>Lo prometido es deuda.Aqu\u00ed va una foto.Parece que est\u00e1n disfrutando \u00bfno?. Tranquilos pap\u00e1s, que peor era cuando nos \u00edbamos y no exist\u00edan ni los m\u00f3viles &nbsp; &nbsp; &nbsp; &nbsp; &nbsp; &nbsp; &nbsp; Y un v\u00eddeo recientito httpv:\/\/youtu.be\/mF20ThtIOWg<\/p>\n","protected":false},"author":1,"featured_media":0,"comment_status":"open","ping_status":"open","sticky":false,"template":"","format":"standard","meta":{"footnotes":""},"categories":[6],"tags":[43,45],"class_list":["post-647","post","type-post","status-publish","format-standard","hentry","category-secundaria","tag-becas-y-ayudas","tag-medio-ambiente"],"_links":{"self":[{"href":"https:\/\/colegiomontserrat.org\/index.php?rest_route=\/wp\/v2\/posts\/647","targetHints":{"allow":["GET"]}}],"collection":[{"href":"https:\/\/colegiomontserrat.org\/index.php?rest_route=\/wp\/v2\/posts"}],"about":[{"href":"https:\/\/colegiomontserrat.org\/index.php?rest_route=\/wp\/v2\/types\/post"}],"author":[{"embeddable":true,"href":"https:\/\/colegiomontserrat.org\/index.php?rest_route=\/wp\/v2\/users\/1"}],"replies":[{"embeddable":true,"href":"https:\/\/colegiomontserrat.org\/index.php?rest_route=%2Fwp%2Fv2%2Fcomments&post=647"}],"version-history":[{"count":8,"href":"https:\/\/colegiomontserrat.org\/index.php?rest_route=\/wp\/v2\/posts\/647\/revisions"}],"predecessor-version":[{"id":656,"href":"https:\/\/colegiomontserrat.org\/index.php?rest_route=\/wp\/v2\/posts\/647\/revisions\/656"}],"wp:attachment":[{"href":"https:\/\/colegiomontserrat.org\/index.php?rest_route=%2Fwp%2Fv2%2Fmedia&parent=647"}],"wp:term":[{"taxonomy":"category","embeddable":true,"href":"https:\/\/colegiomontserrat.org\/index.php?rest_route=%2Fwp%2Fv2%2Fcategories&post=647"},{"taxonomy":"post_tag","embeddable":true,"href":"https:\/\/colegiomontserrat.org\/index.php?rest_route=%2Fwp%2Fv2%2Ftags&post=647"}],"curies":[{"name":"wp","href":"https:\/\/api.w.org\/{rel}","templated":true}]}}