{"id":889,"date":"2012-12-21T14:29:06","date_gmt":"2012-12-21T13:29:06","guid":{"rendered":"http:\/\/www.colegiomontserrat.org\/?p=889"},"modified":"2013-01-09T14:43:33","modified_gmt":"2013-01-09T13:43:33","slug":"navidades-solidarias","status":"publish","type":"post","link":"https:\/\/colegiomontserrat.org\/?p=889","title":{"rendered":"Navidades solidarias"},"content":{"rendered":"<p style=\"text-align: justify;\">Los alumnos\/as de secundaria del colegio Nuestra Se\u00f1ora de Montserrat hemos participado en la recogida de alimentos que posteriormente han sido destinados a la <a title=\"Asociaci\u00f3n el pato amarillo\" href=\"http:\/\/plataforma-de-orcasur.blogspot.com.es\/2010\/03\/el-pato-amarillo-madres-solidarias.html\" target=\"_blank\"><strong>Asociaci\u00f3n el pato amarillo<\/strong><\/a>.Desde all\u00ed, esos alimentos se reparten entre las familias m\u00e1s necesitadas del barrio.<br \/>\nMiembros de la asociaci\u00f3n nos explicaron los criterios que se siguen a la hora de entregar la comida a las familias.Tambi\u00e9n nos contaron c\u00f3mo se organizan.Son personas voluntarias que destinan su tiempo a ayudar a los que lo necesitan.En esta ocasi\u00f3n ,tambi\u00e9n nosotros hemos querido participar y, \u00bfqui\u00e9n sabe? Tal vez alguno acabe colaborando de una forma permanente al igual que ya lo hacen Manuel y Cristina.<\/p>\n<div id='gallery-1' class='gallery galleryid-889 gallery-columns-3 gallery-size-thumbnail'><figure class='gallery-item'>\n\t\t\t<div class='gallery-icon landscape'>\n\t\t\t\t<a href='https:\/\/colegiomontserrat.org\/?attachment_id=890#main'><img loading=\"lazy\" decoding=\"async\" width=\"150\" height=\"150\" src=\"https:\/\/colegiomontserrat.org\/wp-content\/uploads\/2013\/01\/2012-12-20-12.19.38-150x150.jpg\" class=\"attachment-thumbnail size-thumbnail\" alt=\"\" \/><\/a>\n\t\t\t<\/div><\/figure><figure class='gallery-item'>\n\t\t\t<div class='gallery-icon landscape'>\n\t\t\t\t<a href='https:\/\/colegiomontserrat.org\/?attachment_id=891#main'><img loading=\"lazy\" decoding=\"async\" width=\"150\" height=\"150\" src=\"https:\/\/colegiomontserrat.org\/wp-content\/uploads\/2013\/01\/2012-12-20-12.19.48-150x150.jpg\" class=\"attachment-thumbnail size-thumbnail\" alt=\"\" \/><\/a>\n\t\t\t<\/div><\/figure><figure class='gallery-item'>\n\t\t\t<div class='gallery-icon landscape'>\n\t\t\t\t<a href='https:\/\/colegiomontserrat.org\/?attachment_id=892#main'><img loading=\"lazy\" decoding=\"async\" width=\"150\" height=\"150\" src=\"https:\/\/colegiomontserrat.org\/wp-content\/uploads\/2013\/01\/2012-12-20-12.25.47-150x150.jpg\" class=\"attachment-thumbnail size-thumbnail\" alt=\"\" \/><\/a>\n\t\t\t<\/div><\/figure><figure class='gallery-item'>\n\t\t\t<div class='gallery-icon landscape'>\n\t\t\t\t<a href='https:\/\/colegiomontserrat.org\/?attachment_id=893#main'><img loading=\"lazy\" decoding=\"async\" width=\"150\" height=\"150\" src=\"https:\/\/colegiomontserrat.org\/wp-content\/uploads\/2013\/01\/2012-12-20-12.45.39-150x150.jpg\" class=\"attachment-thumbnail size-thumbnail\" alt=\"\" \/><\/a>\n\t\t\t<\/div><\/figure><figure class='gallery-item'>\n\t\t\t<div class='gallery-icon landscape'>\n\t\t\t\t<a href='https:\/\/colegiomontserrat.org\/?attachment_id=894#main'><img loading=\"lazy\" decoding=\"async\" width=\"150\" height=\"150\" src=\"https:\/\/colegiomontserrat.org\/wp-content\/uploads\/2013\/01\/2012-12-20-13.09.31-150x150.jpg\" class=\"attachment-thumbnail size-thumbnail\" alt=\"\" \/><\/a>\n\t\t\t<\/div><\/figure>\n\t\t<\/div>\n\n","protected":false},"excerpt":{"rendered":"<p>Los alumnos\/as de secundaria del colegio Nuestra Se\u00f1ora de Montserrat hemos participado en la recogida de alimentos que posteriormente han sido destinados a la Asociaci\u00f3n el pato amarillo.Desde all\u00ed, esos alimentos se reparten entre las familias m\u00e1s necesitadas del barrio. Miembros de la asociaci\u00f3n nos explicaron los criterios que se siguen a la hora de [&hellip;]<\/p>\n","protected":false},"author":1,"featured_media":0,"comment_status":"open","ping_status":"open","sticky":false,"template":"","format":"standard","meta":{"footnotes":""},"categories":[6],"tags":[74,75],"class_list":["post-889","post","type-post","status-publish","format-standard","hentry","category-secundaria","tag-navidades","tag-solidaridad"],"_links":{"self":[{"href":"https:\/\/colegiomontserrat.org\/index.php?rest_route=\/wp\/v2\/posts\/889","targetHints":{"allow":["GET"]}}],"collection":[{"href":"https:\/\/colegiomontserrat.org\/index.php?rest_route=\/wp\/v2\/posts"}],"about":[{"href":"https:\/\/colegiomontserrat.org\/index.php?rest_route=\/wp\/v2\/types\/post"}],"author":[{"embeddable":true,"href":"https:\/\/colegiomontserrat.org\/index.php?rest_route=\/wp\/v2\/users\/1"}],"replies":[{"embeddable":true,"href":"https:\/\/colegiomontserrat.org\/index.php?rest_route=%2Fwp%2Fv2%2Fcomments&post=889"}],"version-history":[{"count":6,"href":"https:\/\/colegiomontserrat.org\/index.php?rest_route=\/wp\/v2\/posts\/889\/revisions"}],"predecessor-version":[{"id":907,"href":"https:\/\/colegiomontserrat.org\/index.php?rest_route=\/wp\/v2\/posts\/889\/revisions\/907"}],"wp:attachment":[{"href":"https:\/\/colegiomontserrat.org\/index.php?rest_route=%2Fwp%2Fv2%2Fmedia&parent=889"}],"wp:term":[{"taxonomy":"category","embeddable":true,"href":"https:\/\/colegiomontserrat.org\/index.php?rest_route=%2Fwp%2Fv2%2Fcategories&post=889"},{"taxonomy":"post_tag","embeddable":true,"href":"https:\/\/colegiomontserrat.org\/index.php?rest_route=%2Fwp%2Fv2%2Ftags&post=889"}],"curies":[{"name":"wp","href":"https:\/\/api.w.org\/{rel}","templated":true}]}}